{"id":952,"date":"2014-12-09T19:44:07","date_gmt":"2014-12-09T18:44:07","guid":{"rendered":"http:\/\/www.renee-sibuet.fr\/?p=952"},"modified":"2025-08-08T07:24:13","modified_gmt":"2025-08-08T05:24:13","slug":"expo-a-saint-rambert","status":"publish","type":"post","link":"https:\/\/renee-sibuet.fr\/?p=952","title":{"rendered":"Expo \u00e0 St Rambert en Bugey"},"content":{"rendered":"<h4 style=\"text-align: center;\"><span style=\"color: #f7f2be;\">En m\u00eame temps que mon exposition \u00e0 la Mjc de Bourg-en-Bresse<\/span><\/h4>\n<h4 style=\"text-align: center;\"><span style=\"color: #ffcc00;\"><strong>J&rsquo;expose \u00e0 la<span style=\"color: #ffffff;\"><a style=\"color: #ffffff;\" href=\"https:\/\/www.google.fr\/maps\/place\/Rue+de+la+Grenette,+01230+Saint-Rambert-en-Bugey\/@45.948789,5.4396737,19z\/data=!4m2!3m1!1s0x478b5a9655f5e65f:0x22d5140968adbcbb?hl=fr\" target=\"_blank\" rel=\"noopener\"> \u00ab\u00a0galerie d&rsquo;art du quai\u00a0\u00bb<\/a>\u00a0<\/span> ST Rambert en Bugey mes croquis de nus\u00a0<\/strong><\/span><\/h4>\n<h5 style=\"text-align: center;\"><span style=\"color: #ffcc00;\">La galerie est ouverte les vendredis, samedis et dimanches<\/span><br \/>\n<strong><span style=\"color: #ffcc00;\"> du 5 au 21 d\u00e9cembre 2014<\/span><\/strong><br \/>\n<span style=\"color: #ffcc00;\"> de 14h30 \u00e0 19h<\/span><\/h5>\n<h5 style=\"text-align: center;\"><span style=\"color: #f7f2be;\">(je serai pr\u00e9sente vendredi 12 d\u00e9cembre)<\/span><br \/>\n<img loading=\"lazy\" decoding=\"async\" class=\"aligncenter size-full wp-image-953\" src=\"http:\/\/www.renee-sibuet.fr\/wp-content\/uploads\/2014\/12\/expoduquai2014.jpg\" alt=\"expoduquai2014\" width=\"760\" height=\"366\" srcset=\"https:\/\/renee-sibuet.fr\/wp-content\/uploads\/2014\/12\/expoduquai2014.jpg 760w, https:\/\/renee-sibuet.fr\/wp-content\/uploads\/2014\/12\/expoduquai2014-300x144.jpg 300w, https:\/\/renee-sibuet.fr\/wp-content\/uploads\/2014\/12\/expoduquai2014-650x313.jpg 650w\" sizes=\"auto, (max-width: 760px) 100vw, 760px\" \/><\/h5>\n","protected":false},"excerpt":{"rendered":"<p>En m\u00eame temps que mon exposition \u00e0 la Mjc de Bourg-en-Bresse J&rsquo;expose \u00e0 la \u00ab\u00a0galerie d&rsquo;art du quai\u00a0\u00bb\u00a0 ST Rambert en Bugey mes croquis de nus\u00a0 La galerie est ouverte les vendredis, samedis et dimanches du 5 au 21 d\u00e9cembre 2014 de 14h30 \u00e0 19h (je serai pr\u00e9sente vendredi 12 d\u00e9cembre)<\/p>\n","protected":false},"author":2,"featured_media":0,"comment_status":"closed","ping_status":"closed","sticky":false,"template":"","format":"standard","meta":{"footnotes":"","_links_to":"","_links_to_target":""},"categories":[7],"tags":[],"class_list":["post-952","post","type-post","status-publish","format-standard","hentry","category-exposition"],"_links":{"self":[{"href":"https:\/\/renee-sibuet.fr\/index.php?rest_route=\/wp\/v2\/posts\/952","targetHints":{"allow":["GET"]}}],"collection":[{"href":"https:\/\/renee-sibuet.fr\/index.php?rest_route=\/wp\/v2\/posts"}],"about":[{"href":"https:\/\/renee-sibuet.fr\/index.php?rest_route=\/wp\/v2\/types\/post"}],"author":[{"embeddable":true,"href":"https:\/\/renee-sibuet.fr\/index.php?rest_route=\/wp\/v2\/users\/2"}],"replies":[{"embeddable":true,"href":"https:\/\/renee-sibuet.fr\/index.php?rest_route=%2Fwp%2Fv2%2Fcomments&post=952"}],"version-history":[{"count":11,"href":"https:\/\/renee-sibuet.fr\/index.php?rest_route=\/wp\/v2\/posts\/952\/revisions"}],"predecessor-version":[{"id":1592,"href":"https:\/\/renee-sibuet.fr\/index.php?rest_route=\/wp\/v2\/posts\/952\/revisions\/1592"}],"wp:attachment":[{"href":"https:\/\/renee-sibuet.fr\/index.php?rest_route=%2Fwp%2Fv2%2Fmedia&parent=952"}],"wp:term":[{"taxonomy":"category","embeddable":true,"href":"https:\/\/renee-sibuet.fr\/index.php?rest_route=%2Fwp%2Fv2%2Fcategories&post=952"},{"taxonomy":"post_tag","embeddable":true,"href":"https:\/\/renee-sibuet.fr\/index.php?rest_route=%2Fwp%2Fv2%2Ftags&post=952"}],"curies":[{"name":"wp","href":"https:\/\/api.w.org\/{rel}","templated":true}]}}