{"id":819,"date":"2014-05-30T21:33:06","date_gmt":"2014-05-30T19:33:06","guid":{"rendered":"http:\/\/www.renee-sibuet.fr\/?p=819"},"modified":"2017-04-25T09:33:18","modified_gmt":"2017-04-25T07:33:18","slug":"exposition-artcite-bourg","status":"publish","type":"post","link":"https:\/\/renee-sibuet.fr\/?p=819","title":{"rendered":"Exposition ARTCIT\u00c9 Bourg"},"content":{"rendered":"<p style=\"text-align: center;\"><strong>J&rsquo;expose au salon <span style=\"color: #ff0000;\"><a href=\"http:\/\/www.artcitebourg.fr\" target=\"_blank\"><span style=\"color: #ff0000;\">ARTCIT\u00c9 BOURG<\/span><\/a><\/span><\/strong><br \/>\n<strong> Du 31 mai au 15 juin \u00e0 la<span style=\"color: #c0c0c0;\"><a href=\"https:\/\/www.google.fr\/maps\/@46.206451,5.224773,3a,75y,102.48h,87.82t\/data=!3m4!1e1!3m2!1s3-JGgWjt04Jeh90GXe0ZoQ!2e0?hl=fr\" target=\"_blank\"><span style=\"color: #c0c0c0;\"> Salle des F\u00eates de Bourg<\/span><\/a><\/span><\/strong><\/p>\n<p style=\"text-align: center;\">Ouverture de 13h30 \u00e0 19h tous les jours<br \/>\nVernissage samedi 31 mai \u00e0 18h<\/p>\n<figure id=\"attachment_820\" aria-describedby=\"caption-attachment-820\" style=\"width: 474px\" class=\"wp-caption aligncenter\"><a href=\"http:\/\/www.renee-sibuet.fr\/wp-content\/uploads\/2014\/05\/metamorphoserouge.jpg\"><img loading=\"lazy\" decoding=\"async\" class=\"size-full wp-image-820\" title=\"M\u00e9tamorphose rouge\" src=\"http:\/\/www.renee-sibuet.fr\/wp-content\/uploads\/2014\/05\/metamorphoserouge.jpg\" alt=\"\" width=\"474\" height=\"470\" srcset=\"https:\/\/renee-sibuet.fr\/wp-content\/uploads\/2014\/05\/metamorphoserouge.jpg 474w, https:\/\/renee-sibuet.fr\/wp-content\/uploads\/2014\/05\/metamorphoserouge-150x150.jpg 150w, https:\/\/renee-sibuet.fr\/wp-content\/uploads\/2014\/05\/metamorphoserouge-300x297.jpg 300w, https:\/\/renee-sibuet.fr\/wp-content\/uploads\/2014\/05\/metamorphoserouge-50x50.jpg 50w\" sizes=\"auto, (max-width: 474px) 100vw, 474px\" \/><\/a><figcaption id=\"caption-attachment-820\" class=\"wp-caption-text\">M\u00e9tamorphose rouge<\/figcaption><\/figure>\n<p>&nbsp;<\/p>\n","protected":false},"excerpt":{"rendered":"<p>J&rsquo;expose au salon ARTCIT\u00c9 BOURG Du 31 mai au 15 juin \u00e0 la Salle des F\u00eates de Bourg Ouverture de 13h30 \u00e0 19h tous les jours Vernissage samedi 31 mai \u00e0 18h &nbsp;<\/p>\n","protected":false},"author":2,"featured_media":0,"comment_status":"open","ping_status":"closed","sticky":false,"template":"","format":"standard","meta":{"footnotes":"","_links_to":"","_links_to_target":""},"categories":[4],"tags":[],"class_list":["post-819","post","type-post","status-publish","format-standard","hentry","category-nouveautes"],"_links":{"self":[{"href":"https:\/\/renee-sibuet.fr\/index.php?rest_route=\/wp\/v2\/posts\/819","targetHints":{"allow":["GET"]}}],"collection":[{"href":"https:\/\/renee-sibuet.fr\/index.php?rest_route=\/wp\/v2\/posts"}],"about":[{"href":"https:\/\/renee-sibuet.fr\/index.php?rest_route=\/wp\/v2\/types\/post"}],"author":[{"embeddable":true,"href":"https:\/\/renee-sibuet.fr\/index.php?rest_route=\/wp\/v2\/users\/2"}],"replies":[{"embeddable":true,"href":"https:\/\/renee-sibuet.fr\/index.php?rest_route=%2Fwp%2Fv2%2Fcomments&post=819"}],"version-history":[{"count":8,"href":"https:\/\/renee-sibuet.fr\/index.php?rest_route=\/wp\/v2\/posts\/819\/revisions"}],"predecessor-version":[{"id":1212,"href":"https:\/\/renee-sibuet.fr\/index.php?rest_route=\/wp\/v2\/posts\/819\/revisions\/1212"}],"wp:attachment":[{"href":"https:\/\/renee-sibuet.fr\/index.php?rest_route=%2Fwp%2Fv2%2Fmedia&parent=819"}],"wp:term":[{"taxonomy":"category","embeddable":true,"href":"https:\/\/renee-sibuet.fr\/index.php?rest_route=%2Fwp%2Fv2%2Fcategories&post=819"},{"taxonomy":"post_tag","embeddable":true,"href":"https:\/\/renee-sibuet.fr\/index.php?rest_route=%2Fwp%2Fv2%2Ftags&post=819"}],"curies":[{"name":"wp","href":"https:\/\/api.w.org\/{rel}","templated":true}]}}