{"id":761,"date":"2013-10-02T16:45:37","date_gmt":"2013-10-02T14:45:37","guid":{"rendered":"http:\/\/www.renee-sibuet.fr\/?p=761"},"modified":"2025-08-08T07:25:02","modified_gmt":"2025-08-08T05:25:02","slug":"expo-a-h2m-avec-atelier-15","status":"publish","type":"post","link":"https:\/\/renee-sibuet.fr\/?p=761","title":{"rendered":"Expo \u00e0 H2M avec ATELIER 15"},"content":{"rendered":"<h4 style=\"text-align: center;\"><span style=\"color: #ffcc99;\">Exposition avec les 16 membres d&rsquo;ATELIER 15<\/span><\/h4>\n<h5 style=\"text-align: center;\"><span style=\"text-decoration: underline;\"><span style=\"color: #ff0000;\"><strong><a href=\"https:\/\/maps.google.fr\/maps?q=Hotel+marron+meillonnas+rue+teyniere+bourg+en+bresse&amp;hl=fr&amp;ll=46.205216,5.224493&amp;spn=0.008925,0.01914&amp;sll=45.317723,5.43724&amp;sspn=4.642333,9.799805&amp;t=h&amp;hq=Hotel+marron+meillonnas+rue+teyniere+bourg+en+bresse&amp;z=16\" target=\"_blank\" rel=\"noopener\"><span style=\"color: #ff0000; text-decoration: underline;\">H\u00f4tel Marron de Meillonnas<\/span><\/a><\/strong><\/span><\/span><br \/>\n<span style=\"color: #ff0000;\">Rue Teyni\u00e8re 01000 Bourg-en-Bresse<\/span><\/h5>\n<h5 style=\"text-align: center;\"><strong><span style=\"color: #ff6600;\">Du mardi 8 au dimanche 13 octobre<\/span><\/strong><br \/>\n<span style=\"color: #ff9900;\">tous les jours de 10h \u00e0 19h<\/span><\/h5>\n<p style=\"text-align: center;\"><a href=\"http:\/\/www.bourgenbressetourisme.fr\/fr\/manifestations\/agenda--sitraEVE937505--exposition-de-peinture-des-membres-de-l-latelier15-r.html\" target=\"_blanck\" rel=\"noopener\"><img loading=\"lazy\" decoding=\"async\" class=\"aligncenter size-large wp-image-770\" title=\"afficheexpo\" src=\"http:\/\/www.renee-sibuet.fr\/wp-content\/uploads\/2013\/10\/afficheexpo-723x1024.jpg\" alt=\"\" width=\"640\" height=\"906\" srcset=\"https:\/\/renee-sibuet.fr\/wp-content\/uploads\/2013\/10\/afficheexpo-723x1024.jpg 723w, https:\/\/renee-sibuet.fr\/wp-content\/uploads\/2013\/10\/afficheexpo-212x300.jpg 212w, https:\/\/renee-sibuet.fr\/wp-content\/uploads\/2013\/10\/afficheexpo-459x650.jpg 459w, https:\/\/renee-sibuet.fr\/wp-content\/uploads\/2013\/10\/afficheexpo.jpg 842w\" sizes=\"auto, (max-width: 640px) 100vw, 640px\" \/><br \/>\n<\/a><\/p>\n<p style=\"text-align: center;\">Vous pourrez voir ces 2 toiles de Ren\u00e9e<\/p>\n<p style=\"text-align: center;\"><img loading=\"lazy\" decoding=\"async\" class=\"size-large wp-image-762 aligncenter\" title=\"abstraitbleu2\" src=\"http:\/\/www.renee-sibuet.fr\/wp-content\/uploads\/2013\/10\/abstraitbleu2-1015x1024.jpg\" alt=\"\" width=\"640\" height=\"645\" srcset=\"https:\/\/renee-sibuet.fr\/wp-content\/uploads\/2013\/10\/abstraitbleu2-1015x1024.jpg 1015w, https:\/\/renee-sibuet.fr\/wp-content\/uploads\/2013\/10\/abstraitbleu2-150x150.jpg 150w, https:\/\/renee-sibuet.fr\/wp-content\/uploads\/2013\/10\/abstraitbleu2-297x300.jpg 297w, https:\/\/renee-sibuet.fr\/wp-content\/uploads\/2013\/10\/abstraitbleu2-50x50.jpg 50w, https:\/\/renee-sibuet.fr\/wp-content\/uploads\/2013\/10\/abstraitbleu2-644x650.jpg 644w, https:\/\/renee-sibuet.fr\/wp-content\/uploads\/2013\/10\/abstraitbleu2.jpg 1170w\" sizes=\"auto, (max-width: 640px) 100vw, 640px\" \/><\/p>\n<p style=\"text-align: center;\"><img loading=\"lazy\" decoding=\"async\" class=\"size-large wp-image-763 aligncenter\" title=\"abstraitrouge3\" src=\"http:\/\/www.renee-sibuet.fr\/wp-content\/uploads\/2013\/10\/abstraitrouge3-1024x1018.jpg\" alt=\"\" width=\"640\" height=\"636\" srcset=\"https:\/\/renee-sibuet.fr\/wp-content\/uploads\/2013\/10\/abstraitrouge3-1024x1018.jpg 1024w, https:\/\/renee-sibuet.fr\/wp-content\/uploads\/2013\/10\/abstraitrouge3-150x150.jpg 150w, https:\/\/renee-sibuet.fr\/wp-content\/uploads\/2013\/10\/abstraitrouge3-300x298.jpg 300w, https:\/\/renee-sibuet.fr\/wp-content\/uploads\/2013\/10\/abstraitrouge3-50x50.jpg 50w, https:\/\/renee-sibuet.fr\/wp-content\/uploads\/2013\/10\/abstraitrouge3-650x646.jpg 650w\" sizes=\"auto, (max-width: 640px) 100vw, 640px\" \/><\/p>\n","protected":false},"excerpt":{"rendered":"<p>Exposition avec les 16 membres d&rsquo;ATELIER 15 H\u00f4tel Marron de Meillonnas Rue Teyni\u00e8re 01000 Bourg-en-Bresse Du mardi 8 au dimanche 13 octobre tous les jours de 10h \u00e0 19h Vous pourrez voir ces 2 toiles de Ren\u00e9e<\/p>\n","protected":false},"author":2,"featured_media":0,"comment_status":"open","ping_status":"closed","sticky":false,"template":"","format":"standard","meta":{"footnotes":"","_links_to":"","_links_to_target":""},"categories":[4],"tags":[],"class_list":["post-761","post","type-post","status-publish","format-standard","hentry","category-nouveautes"],"_links":{"self":[{"href":"https:\/\/renee-sibuet.fr\/index.php?rest_route=\/wp\/v2\/posts\/761","targetHints":{"allow":["GET"]}}],"collection":[{"href":"https:\/\/renee-sibuet.fr\/index.php?rest_route=\/wp\/v2\/posts"}],"about":[{"href":"https:\/\/renee-sibuet.fr\/index.php?rest_route=\/wp\/v2\/types\/post"}],"author":[{"embeddable":true,"href":"https:\/\/renee-sibuet.fr\/index.php?rest_route=\/wp\/v2\/users\/2"}],"replies":[{"embeddable":true,"href":"https:\/\/renee-sibuet.fr\/index.php?rest_route=%2Fwp%2Fv2%2Fcomments&post=761"}],"version-history":[{"count":26,"href":"https:\/\/renee-sibuet.fr\/index.php?rest_route=\/wp\/v2\/posts\/761\/revisions"}],"predecessor-version":[{"id":1593,"href":"https:\/\/renee-sibuet.fr\/index.php?rest_route=\/wp\/v2\/posts\/761\/revisions\/1593"}],"wp:attachment":[{"href":"https:\/\/renee-sibuet.fr\/index.php?rest_route=%2Fwp%2Fv2%2Fmedia&parent=761"}],"wp:term":[{"taxonomy":"category","embeddable":true,"href":"https:\/\/renee-sibuet.fr\/index.php?rest_route=%2Fwp%2Fv2%2Fcategories&post=761"},{"taxonomy":"post_tag","embeddable":true,"href":"https:\/\/renee-sibuet.fr\/index.php?rest_route=%2Fwp%2Fv2%2Ftags&post=761"}],"curies":[{"name":"wp","href":"https:\/\/api.w.org\/{rel}","templated":true}]}}