{"id":579,"date":"2012-09-11T00:10:28","date_gmt":"2012-09-10T22:10:28","guid":{"rendered":"http:\/\/www.renee-sibuet.fr\/?p=579"},"modified":"2021-03-05T15:37:41","modified_gmt":"2021-03-05T14:37:41","slug":"village-dartistes-a-brou","status":"publish","type":"post","link":"https:\/\/renee-sibuet.fr\/?p=579","title":{"rendered":"Village d&rsquo;Artistes \u00e0 Brou"},"content":{"rendered":"<p>Ren\u00e9e participera de nouveau au <strong>Village d&rsquo;Artistes<\/strong> dans les clo\u00eetres du <a href=\"https:\/\/maps.google.fr\/maps?q=Monast%C3%A8re+royal+de+Brou,+Bourg-en-Bresse&amp;hl=fr&amp;ie=UTF8&amp;sll=46.744801,1.758842&amp;sspn=0.091987,0.132179&amp;oq=Monastere+royal+de+&amp;t=h&amp;hq=Monast%C3%A8re+royal+de+Brou,+Bourg-en-Bresse&amp;z=15\" target=\"_blank\" rel=\"noopener\">Mus\u00e9e de Brou<\/a> (Bourg-en-Bresse).<\/p>\n<p style=\"text-align: center;\"><span style=\"color: #ff0000;\"><strong>les 15 et 16 septembre 2012<\/strong>.<\/span><br \/>\n<span style=\"color: #ff0000;\"> <strong>Le th\u00e8me : \u00ab\u00a0Patrimoine cach\u00e9\u00a0\u00bb<\/strong><\/span><\/p>\n<p style=\"text-align: center;\"><img loading=\"lazy\" decoding=\"async\" class=\"size-large wp-image-580 aligncenter\" title=\"tracescach\u00e9es4\" src=\"http:\/\/www.renee-sibuet.fr\/wp-content\/uploads\/2012\/09\/tracescach\u00e9es4-1024x978.jpg\" alt=\"\" width=\"768\" height=\"733\" srcset=\"https:\/\/renee-sibuet.fr\/wp-content\/uploads\/2012\/09\/tracescach\u00e9es4-1024x978.jpg 1024w, https:\/\/renee-sibuet.fr\/wp-content\/uploads\/2012\/09\/tracescach\u00e9es4-300x286.jpg 300w, https:\/\/renee-sibuet.fr\/wp-content\/uploads\/2012\/09\/tracescach\u00e9es4-650x620.jpg 650w\" sizes=\"auto, (max-width: 768px) 100vw, 768px\" \/><\/p>\n","protected":false},"excerpt":{"rendered":"<p>Ren\u00e9e participera de nouveau au Village d&rsquo;Artistes dans les clo\u00eetres du Mus\u00e9e de Brou (Bourg-en-Bresse). les 15 et 16 septembre 2012. Le th\u00e8me : \u00ab\u00a0Patrimoine cach\u00e9\u00a0\u00bb<\/p>\n","protected":false},"author":2,"featured_media":0,"comment_status":"open","ping_status":"closed","sticky":false,"template":"","format":"standard","meta":{"footnotes":"","_links_to":"","_links_to_target":""},"categories":[7,4],"tags":[],"class_list":["post-579","post","type-post","status-publish","format-standard","hentry","category-exposition","category-nouveautes"],"_links":{"self":[{"href":"https:\/\/renee-sibuet.fr\/index.php?rest_route=\/wp\/v2\/posts\/579","targetHints":{"allow":["GET"]}}],"collection":[{"href":"https:\/\/renee-sibuet.fr\/index.php?rest_route=\/wp\/v2\/posts"}],"about":[{"href":"https:\/\/renee-sibuet.fr\/index.php?rest_route=\/wp\/v2\/types\/post"}],"author":[{"embeddable":true,"href":"https:\/\/renee-sibuet.fr\/index.php?rest_route=\/wp\/v2\/users\/2"}],"replies":[{"embeddable":true,"href":"https:\/\/renee-sibuet.fr\/index.php?rest_route=%2Fwp%2Fv2%2Fcomments&post=579"}],"version-history":[{"count":8,"href":"https:\/\/renee-sibuet.fr\/index.php?rest_route=\/wp\/v2\/posts\/579\/revisions"}],"predecessor-version":[{"id":1463,"href":"https:\/\/renee-sibuet.fr\/index.php?rest_route=\/wp\/v2\/posts\/579\/revisions\/1463"}],"wp:attachment":[{"href":"https:\/\/renee-sibuet.fr\/index.php?rest_route=%2Fwp%2Fv2%2Fmedia&parent=579"}],"wp:term":[{"taxonomy":"category","embeddable":true,"href":"https:\/\/renee-sibuet.fr\/index.php?rest_route=%2Fwp%2Fv2%2Fcategories&post=579"},{"taxonomy":"post_tag","embeddable":true,"href":"https:\/\/renee-sibuet.fr\/index.php?rest_route=%2Fwp%2Fv2%2Ftags&post=579"}],"curies":[{"name":"wp","href":"https:\/\/api.w.org\/{rel}","templated":true}]}}