{"id":548,"date":"2012-07-22T22:45:13","date_gmt":"2012-07-22T20:45:13","guid":{"rendered":"http:\/\/www.renee-sibuet.fr\/?p=548"},"modified":"2021-03-05T15:38:06","modified_gmt":"2021-03-05T14:38:06","slug":"548","status":"publish","type":"post","link":"https:\/\/renee-sibuet.fr\/?p=548","title":{"rendered":"50\u00e8me Salon des ARTS PONTEVALLOIS"},"content":{"rendered":"<p style=\"text-align: center;\"><strong>Salle des F\u00eates 01190 <a href=\"https:\/\/maps.google.fr\/maps?q=01190+Pont-de-Vaux&amp;hl=fr&amp;ie=UTF8&amp;sll=46.199903,5.254301&amp;sspn=0.044793,0.065403&amp;oq=01190+Pon&amp;t=h&amp;hnear=Pont-de-Vaux,+Ain,+Rh%C3%B4ne-Alpes&amp;z=13\">Pont-de-Vaux<\/a><\/strong><\/p>\n<p style=\"text-align: center;\"><img loading=\"lazy\" decoding=\"async\" class=\"size-full wp-image-556 aligncenter\" title=\"vendanges\" src=\"http:\/\/www.renee-sibuet.fr\/wp-content\/uploads\/2012\/07\/vendanges4.jpg\" alt=\"\" width=\"762\" height=\"467\" srcset=\"https:\/\/renee-sibuet.fr\/wp-content\/uploads\/2012\/07\/vendanges4.jpg 762w, https:\/\/renee-sibuet.fr\/wp-content\/uploads\/2012\/07\/vendanges4-300x183.jpg 300w, https:\/\/renee-sibuet.fr\/wp-content\/uploads\/2012\/07\/vendanges4-650x398.jpg 650w\" sizes=\"auto, (max-width: 762px) 100vw, 762px\" \/>Vendanges &#8211; Huile sur toile &#8211; 129&#215;95 cm<\/p>\n<p><span style=\"color: #ffff99;\"><strong>Ouverture<\/strong><\/span><br \/>\n<span style=\"color: #ffff99;\"> mercredi et dimanche 10h \u00e0 12h et 15h \u00e0 19h<\/span><br \/>\n<span style=\"color: #ffff99;\"> mardi, vendredi et samedi 15h \u00e0 19h<\/span><\/p>\n","protected":false},"excerpt":{"rendered":"<p>Salle des F\u00eates 01190 Pont-de-Vaux Vendanges &#8211; Huile sur toile &#8211; 129&#215;95 cm Ouverture mercredi et dimanche 10h \u00e0 12h et 15h \u00e0 19h mardi, vendredi et samedi 15h \u00e0 19h<\/p>\n","protected":false},"author":1,"featured_media":0,"comment_status":"open","ping_status":"closed","sticky":false,"template":"","format":"standard","meta":{"footnotes":"","_links_to":"","_links_to_target":""},"categories":[7],"tags":[],"class_list":["post-548","post","type-post","status-publish","format-standard","hentry","category-exposition"],"_links":{"self":[{"href":"https:\/\/renee-sibuet.fr\/index.php?rest_route=\/wp\/v2\/posts\/548","targetHints":{"allow":["GET"]}}],"collection":[{"href":"https:\/\/renee-sibuet.fr\/index.php?rest_route=\/wp\/v2\/posts"}],"about":[{"href":"https:\/\/renee-sibuet.fr\/index.php?rest_route=\/wp\/v2\/types\/post"}],"author":[{"embeddable":true,"href":"https:\/\/renee-sibuet.fr\/index.php?rest_route=\/wp\/v2\/users\/1"}],"replies":[{"embeddable":true,"href":"https:\/\/renee-sibuet.fr\/index.php?rest_route=%2Fwp%2Fv2%2Fcomments&post=548"}],"version-history":[{"count":11,"href":"https:\/\/renee-sibuet.fr\/index.php?rest_route=\/wp\/v2\/posts\/548\/revisions"}],"predecessor-version":[{"id":1464,"href":"https:\/\/renee-sibuet.fr\/index.php?rest_route=\/wp\/v2\/posts\/548\/revisions\/1464"}],"wp:attachment":[{"href":"https:\/\/renee-sibuet.fr\/index.php?rest_route=%2Fwp%2Fv2%2Fmedia&parent=548"}],"wp:term":[{"taxonomy":"category","embeddable":true,"href":"https:\/\/renee-sibuet.fr\/index.php?rest_route=%2Fwp%2Fv2%2Fcategories&post=548"},{"taxonomy":"post_tag","embeddable":true,"href":"https:\/\/renee-sibuet.fr\/index.php?rest_route=%2Fwp%2Fv2%2Ftags&post=548"}],"curies":[{"name":"wp","href":"https:\/\/api.w.org\/{rel}","templated":true}]}}