{"id":524,"date":"2012-05-19T18:35:50","date_gmt":"2012-05-19T16:35:50","guid":{"rendered":"http:\/\/www.renee-sibuet.fr\/?p=524"},"modified":"2012-05-20T00:35:27","modified_gmt":"2012-05-19T22:35:27","slug":"installation-artcite","status":"publish","type":"post","link":"https:\/\/renee-sibuet.fr\/?p=524","title":{"rendered":"Installation \u00ab\u00a0Illusions Fantastiques\u00a0\u00bb"},"content":{"rendered":"<p>Dans le cadre du <a href=\"http:\/\/www.cheminsdelaculture.fr\/Evenements\/57e-salon-ArtCiteBourg\/\" target=\"_blank\">salon ARTCit\u00e9<\/a> et du festival Illusions fantastiques de la ville de Bourg-en-Bresse.<\/p>\n<p><a href=\"http:\/\/g.co\/maps\/ywn8j\" target=\"_blank\">Salle des F\u00eates<\/a> de Bourg, du 19 mai au 3 juin 2012.<br \/>\nOuverture tous les jours de 13h30 \u00e0 19h30.<\/p>\n<p>&nbsp;<\/p>\n<p style=\"text-align: center;\">\u00a0\u00bb la r\u00eaverie est le clair de lune de la pens\u00e9e\u00a0\u00bb jules Renard<img loading=\"lazy\" decoding=\"async\" class=\"aligncenter size-full wp-image-525\" title=\"illusionsfantastiquesartcit\u00e912\" src=\"http:\/\/www.renee-sibuet.fr\/wp-content\/uploads\/2012\/05\/illusionsfantastiquesartcit\u00e912.jpg\" alt=\"\" width=\"1698\" height=\"1875\" srcset=\"https:\/\/renee-sibuet.fr\/wp-content\/uploads\/2012\/05\/illusionsfantastiquesartcit\u00e912.jpg 1698w, https:\/\/renee-sibuet.fr\/wp-content\/uploads\/2012\/05\/illusionsfantastiquesartcit\u00e912-271x300.jpg 271w, https:\/\/renee-sibuet.fr\/wp-content\/uploads\/2012\/05\/illusionsfantastiquesartcit\u00e912-927x1024.jpg 927w, https:\/\/renee-sibuet.fr\/wp-content\/uploads\/2012\/05\/illusionsfantastiquesartcit\u00e912-588x650.jpg 588w\" sizes=\"auto, (max-width: 1698px) 100vw, 1698px\" \/>Mirage, Les Lorialets, R\u00eaveurs de lune et Luna<\/p>\n","protected":false},"excerpt":{"rendered":"<p>Dans le cadre du salon ARTCit\u00e9 et du festival Illusions fantastiques de la ville de Bourg-en-Bresse. Salle des F\u00eates de Bourg, du 19 mai au 3 juin 2012. Ouverture tous les jours de 13h30 \u00e0 19h30. &nbsp; \u00a0\u00bb la r\u00eaverie est le clair de lune de la pens\u00e9e\u00a0\u00bb jules RenardMirage, Les Lorialets, R\u00eaveurs de lune [&hellip;]<\/p>\n","protected":false},"author":1,"featured_media":0,"comment_status":"open","ping_status":"closed","sticky":false,"template":"","format":"standard","meta":{"footnotes":"","_links_to":"","_links_to_target":""},"categories":[4],"tags":[],"class_list":["post-524","post","type-post","status-publish","format-standard","hentry","category-nouveautes"],"_links":{"self":[{"href":"https:\/\/renee-sibuet.fr\/index.php?rest_route=\/wp\/v2\/posts\/524","targetHints":{"allow":["GET"]}}],"collection":[{"href":"https:\/\/renee-sibuet.fr\/index.php?rest_route=\/wp\/v2\/posts"}],"about":[{"href":"https:\/\/renee-sibuet.fr\/index.php?rest_route=\/wp\/v2\/types\/post"}],"author":[{"embeddable":true,"href":"https:\/\/renee-sibuet.fr\/index.php?rest_route=\/wp\/v2\/users\/1"}],"replies":[{"embeddable":true,"href":"https:\/\/renee-sibuet.fr\/index.php?rest_route=%2Fwp%2Fv2%2Fcomments&post=524"}],"version-history":[{"count":8,"href":"https:\/\/renee-sibuet.fr\/index.php?rest_route=\/wp\/v2\/posts\/524\/revisions"}],"predecessor-version":[{"id":530,"href":"https:\/\/renee-sibuet.fr\/index.php?rest_route=\/wp\/v2\/posts\/524\/revisions\/530"}],"wp:attachment":[{"href":"https:\/\/renee-sibuet.fr\/index.php?rest_route=%2Fwp%2Fv2%2Fmedia&parent=524"}],"wp:term":[{"taxonomy":"category","embeddable":true,"href":"https:\/\/renee-sibuet.fr\/index.php?rest_route=%2Fwp%2Fv2%2Fcategories&post=524"},{"taxonomy":"post_tag","embeddable":true,"href":"https:\/\/renee-sibuet.fr\/index.php?rest_route=%2Fwp%2Fv2%2Ftags&post=524"}],"curies":[{"name":"wp","href":"https:\/\/api.w.org\/{rel}","templated":true}]}}