{"id":1527,"date":"2024-04-22T19:21:10","date_gmt":"2024-04-22T17:21:10","guid":{"rendered":"http:\/\/www.renee-sibuet.fr\/?p=1527"},"modified":"2024-04-22T19:34:20","modified_gmt":"2024-04-22T17:34:20","slug":"salon-artcitebourg-2024","status":"publish","type":"post","link":"https:\/\/renee-sibuet.fr\/?p=1527","title":{"rendered":"Salon ArtCit\u00e9Bourg 2024"},"content":{"rendered":"\n<p class=\"has-text-align-center\" style=\"font-size:24px\"><br><strong><span class=\"has-inline-color has-vivid-red-color\">Du 11 au 26 mai 2024<\/span><\/strong><\/p>\n\n\n\n<p class=\"has-text-align-center\" style=\"font-size:24px\">Ouvert tous les jours de 13h30 \u00e0 19H \u00e0 la salle des f\u00eates<\/p>\n\n\n\n<p class=\"has-text-align-center\" style=\"font-size:24px\"><span class=\"has-inline-color has-vivid-red-color\"><strong>Nocturne musicale le 18 mai<\/strong><\/span> \u00e0 20H30 et performance artistique.<\/p>\n\n\n\n<div class=\"wp-block-image\"><figure class=\"aligncenter size-full is-resized\"><img loading=\"lazy\" decoding=\"async\" src=\"https:\/\/www.renee-sibuet.fr\/wp-content\/uploads\/2024\/04\/affichemarron-scaled.jpg\" alt=\"\" class=\"wp-image-1528\" width=\"1358\" height=\"1920\" srcset=\"https:\/\/renee-sibuet.fr\/wp-content\/uploads\/2024\/04\/affichemarron-scaled.jpg 1810w, https:\/\/renee-sibuet.fr\/wp-content\/uploads\/2024\/04\/affichemarron-212x300.jpg 212w, https:\/\/renee-sibuet.fr\/wp-content\/uploads\/2024\/04\/affichemarron-724x1024.jpg 724w, https:\/\/renee-sibuet.fr\/wp-content\/uploads\/2024\/04\/affichemarron-768x1086.jpg 768w, https:\/\/renee-sibuet.fr\/wp-content\/uploads\/2024\/04\/affichemarron-460x650.jpg 460w, https:\/\/renee-sibuet.fr\/wp-content\/uploads\/2024\/04\/affichemarron-1086x1536.jpg 1086w, https:\/\/renee-sibuet.fr\/wp-content\/uploads\/2024\/04\/affichemarron-1448x2048.jpg 1448w\" sizes=\"auto, (max-width: 1358px) 100vw, 1358px\" \/><\/figure><\/div>\n","protected":false},"excerpt":{"rendered":"<p>Du 11 au 26 mai 2024 Ouvert tous les jours de 13h30 \u00e0 19H \u00e0 la salle des f\u00eates Nocturne musicale le 18 mai \u00e0 20H30 et performance artistique.<\/p>\n","protected":false},"author":1,"featured_media":0,"comment_status":"closed","ping_status":"closed","sticky":false,"template":"","format":"standard","meta":{"footnotes":"","_links_to":"","_links_to_target":""},"categories":[6,7],"tags":[],"class_list":["post-1527","post","type-post","status-publish","format-standard","hentry","category-artcite","category-exposition"],"_links":{"self":[{"href":"https:\/\/renee-sibuet.fr\/index.php?rest_route=\/wp\/v2\/posts\/1527","targetHints":{"allow":["GET"]}}],"collection":[{"href":"https:\/\/renee-sibuet.fr\/index.php?rest_route=\/wp\/v2\/posts"}],"about":[{"href":"https:\/\/renee-sibuet.fr\/index.php?rest_route=\/wp\/v2\/types\/post"}],"author":[{"embeddable":true,"href":"https:\/\/renee-sibuet.fr\/index.php?rest_route=\/wp\/v2\/users\/1"}],"replies":[{"embeddable":true,"href":"https:\/\/renee-sibuet.fr\/index.php?rest_route=%2Fwp%2Fv2%2Fcomments&post=1527"}],"version-history":[{"count":21,"href":"https:\/\/renee-sibuet.fr\/index.php?rest_route=\/wp\/v2\/posts\/1527\/revisions"}],"predecessor-version":[{"id":1550,"href":"https:\/\/renee-sibuet.fr\/index.php?rest_route=\/wp\/v2\/posts\/1527\/revisions\/1550"}],"wp:attachment":[{"href":"https:\/\/renee-sibuet.fr\/index.php?rest_route=%2Fwp%2Fv2%2Fmedia&parent=1527"}],"wp:term":[{"taxonomy":"category","embeddable":true,"href":"https:\/\/renee-sibuet.fr\/index.php?rest_route=%2Fwp%2Fv2%2Fcategories&post=1527"},{"taxonomy":"post_tag","embeddable":true,"href":"https:\/\/renee-sibuet.fr\/index.php?rest_route=%2Fwp%2Fv2%2Ftags&post=1527"}],"curies":[{"name":"wp","href":"https:\/\/api.w.org\/{rel}","templated":true}]}}