{"id":1378,"date":"2019-05-18T14:50:13","date_gmt":"2019-05-18T12:50:13","guid":{"rendered":"http:\/\/www.renee-sibuet.fr\/?p=1378"},"modified":"2025-08-08T07:19:03","modified_gmt":"2025-08-08T05:19:03","slug":"histoires-dencres","status":"publish","type":"post","link":"https:\/\/renee-sibuet.fr\/?p=1378","title":{"rendered":"Histoires d&rsquo;encres"},"content":{"rendered":"<h4 style=\"text-align: center;\">Retrouvez-moi lors de la <strong>r\u00e9trospective<\/strong><br \/>\n<strong> de l&rsquo;Atelier Gravure<\/strong> des m\u00e9diath\u00e8ques de Bourg<br \/>\n\u00e0 <span style=\"color: #ff0084;\"><a style=\"color: #ff0084;\" href=\"https:\/\/www.google.fr\/maps\/place\/Passage+Marron+de+Meillonnas,+01000+Bourg-en-Bresse\/@46.2035584,5.2223234,17z\/data=!4m13!1m7!3m6!1s0x47f353cce1463199:0x42b675b7496777d7!2sPassage+Marron+de+Meillonnas,+01000+Bourg-en-Bresse!3b1!8m2!3d46.2035547!4d5.2245121!3m4!1s0x47f353cce1463199:0x42b675b7496777d7!8m2!3d46.2035547!4d5.2245121?hl=fr\" target=\"_blank\" rel=\"noopener noreferrer\">H2M<\/a><\/span> du 23 mai au 5 juin<\/h4>\n<h2 style=\"text-align: center;\"><a href=\"http:\/\/www.renee-sibuet.fr\/wp-content\/uploads\/2019\/05\/invitation-H2M-2019.png\"><br \/>\n<img loading=\"lazy\" decoding=\"async\" class=\"aligncenter wp-image-1379 size-large\" src=\"http:\/\/www.renee-sibuet.fr\/wp-content\/uploads\/2019\/05\/invitation-H2M-2019-487x1024.png\" alt=\"\" width=\"487\" height=\"1024\" srcset=\"https:\/\/renee-sibuet.fr\/wp-content\/uploads\/2019\/05\/invitation-H2M-2019-487x1024.png 487w, https:\/\/renee-sibuet.fr\/wp-content\/uploads\/2019\/05\/invitation-H2M-2019-143x300.png 143w, https:\/\/renee-sibuet.fr\/wp-content\/uploads\/2019\/05\/invitation-H2M-2019-768x1614.png 768w, https:\/\/renee-sibuet.fr\/wp-content\/uploads\/2019\/05\/invitation-H2M-2019-309x650.png 309w, https:\/\/renee-sibuet.fr\/wp-content\/uploads\/2019\/05\/invitation-H2M-2019.png 1096w\" sizes=\"auto, (max-width: 487px) 100vw, 487px\" \/><\/a><\/h2>\n","protected":false},"excerpt":{"rendered":"<p>Retrouvez-moi lors de la r\u00e9trospective de l&rsquo;Atelier Gravure des m\u00e9diath\u00e8ques de Bourg \u00e0 H2M du 23 mai au 5 juin<\/p>\n","protected":false},"author":1,"featured_media":0,"comment_status":"closed","ping_status":"closed","sticky":false,"template":"","format":"standard","meta":{"footnotes":"","_links_to":"","_links_to_target":""},"categories":[7,8],"tags":[],"class_list":["post-1378","post","type-post","status-publish","format-standard","hentry","category-exposition","category-h2m"],"_links":{"self":[{"href":"https:\/\/renee-sibuet.fr\/index.php?rest_route=\/wp\/v2\/posts\/1378","targetHints":{"allow":["GET"]}}],"collection":[{"href":"https:\/\/renee-sibuet.fr\/index.php?rest_route=\/wp\/v2\/posts"}],"about":[{"href":"https:\/\/renee-sibuet.fr\/index.php?rest_route=\/wp\/v2\/types\/post"}],"author":[{"embeddable":true,"href":"https:\/\/renee-sibuet.fr\/index.php?rest_route=\/wp\/v2\/users\/1"}],"replies":[{"embeddable":true,"href":"https:\/\/renee-sibuet.fr\/index.php?rest_route=%2Fwp%2Fv2%2Fcomments&post=1378"}],"version-history":[{"count":9,"href":"https:\/\/renee-sibuet.fr\/index.php?rest_route=\/wp\/v2\/posts\/1378\/revisions"}],"predecessor-version":[{"id":1584,"href":"https:\/\/renee-sibuet.fr\/index.php?rest_route=\/wp\/v2\/posts\/1378\/revisions\/1584"}],"wp:attachment":[{"href":"https:\/\/renee-sibuet.fr\/index.php?rest_route=%2Fwp%2Fv2%2Fmedia&parent=1378"}],"wp:term":[{"taxonomy":"category","embeddable":true,"href":"https:\/\/renee-sibuet.fr\/index.php?rest_route=%2Fwp%2Fv2%2Fcategories&post=1378"},{"taxonomy":"post_tag","embeddable":true,"href":"https:\/\/renee-sibuet.fr\/index.php?rest_route=%2Fwp%2Fv2%2Ftags&post=1378"}],"curies":[{"name":"wp","href":"https:\/\/api.w.org\/{rel}","templated":true}]}}